{"id":630,"date":"2025-04-30T14:57:52","date_gmt":"2025-04-30T14:57:52","guid":{"rendered":"https:\/\/listapartecipativa.eu\/?p=630"},"modified":"2025-05-02T07:01:03","modified_gmt":"2025-05-02T07:01:03","slug":"il-17-maggio-decidiamo-insieme-il-futuro-di-banca-etica","status":"publish","type":"post","link":"https:\/\/listapartecipativa.eu\/es\/il-17-maggio-decidiamo-insieme-il-futuro-di-banca-etica\/","title":{"rendered":"Il 17 maggio decidiamo insieme il futuro di Banca Etica"},"content":{"rendered":"<p class=\"has-text-align-right\"><strong><em>Versi\u00f3n en espa\u00f1ol abajo&nbsp;<\/em><\/strong><\/p>\n\n\n\n<div class=\"wp-block-columns is-layout-flex wp-container-core-columns-is-layout-28f84493 wp-block-columns-is-layout-flex\">\n<div class=\"wp-block-column is-layout-flow wp-block-column-is-layout-flow\">\n<figure class=\"wp-block-image size-full\"><img loading=\"lazy\" decoding=\"async\" width=\"938\" height=\"596\" src=\"https:\/\/listapartecipativa.eu\/wp-content\/uploads\/2025\/04\/listap-17-maggio.jpg\" alt=\"\" class=\"wp-image-635\" srcset=\"https:\/\/listapartecipativa.eu\/wp-content\/uploads\/2025\/04\/listap-17-maggio.jpg 938w, https:\/\/listapartecipativa.eu\/wp-content\/uploads\/2025\/04\/listap-17-maggio-300x191.jpg 300w, https:\/\/listapartecipativa.eu\/wp-content\/uploads\/2025\/04\/listap-17-maggio-768x488.jpg 768w, https:\/\/listapartecipativa.eu\/wp-content\/uploads\/2025\/04\/listap-17-maggio-18x12.jpg 18w\" sizes=\"auto, (max-width: 938px) 100vw, 938px\" \/><\/figure>\n<\/div>\n\n\n\n<div class=\"wp-block-column is-vertically-aligned-center is-layout-flow wp-block-column-is-layout-flow\">\n<p>Il prossimo <strong>17 maggio<\/strong> si terr\u00e0 l\u2019<strong>Assemblea delle persone socie 2025<\/strong> di Banca Etica. <\/p>\n\n\n\n<p>Un appuntamento fondamentale per partecipare attivamente alla vita del nostro istituto, far sentire la propria voce e rafforzare l\u2019impegno collettivo per la finanza etica.<\/p>\n\n\n\n<h5 id=\"wp-block-themeisle-blocks-advanced-heading-e9e7344c\" class=\"wp-block-themeisle-blocks-advanced-heading wp-block-themeisle-blocks-advanced-heading-e9e7344c\">\ud83d\udccd Ci vediamo a <strong>Bolonia, Madrid y en l\u00ednea.<\/strong>.<br>Tu scegli come partecipare, l\u2019importante \u00e8 esserci.<\/h5>\n<\/div>\n<\/div>\n\n\n\n<div class=\"wp-block-columns are-vertically-aligned-center is-layout-flex wp-container-core-columns-is-layout-28f84493 wp-block-columns-is-layout-flex\">\n<div class=\"wp-block-column is-vertically-aligned-center is-layout-flow wp-block-column-is-layout-flow\">\n<p>Per arrivare pronti, \u00e8 disponibile la <strong>Sintesi del Programma della Lista Partecipativa<\/strong>, con tutti i principi, gli obiettivi e le proposte che guidano la nostra visione per il nuovo mandato.<\/p>\n\n\n\n<p>Il documento nasce da un percorso partecipativo ampio, con oltre <strong>1.000 persone coinvolte<\/strong>, <strong>72 incontri territoriali<\/strong> y <strong>4.000 risposte<\/strong> al questionario inviato alle persone socie.<br>Riporta gli <strong>obiettivi concreti per il mandato 2025\u20132028<\/strong>, tra cui:<\/p>\n\n\n\n<ul class=\"wp-block-list\">\n<li>crescita del credito del 35%, con attenzione a impatti sociali e ambientali,<\/li>\n\n\n\n<li>rafforzamento dell\u2019indipendenza con l\u2019acquisizione di IMPact SGR,<\/li>\n\n\n\n<li>inclusione, innovazione, sostenibilit\u00e0, pace e coesione.<\/li>\n<\/ul>\n\n\n\n<p>Ma soprattutto, racconta la <strong>visione<\/strong> che ci guida: <strong>una banca radicata, solida e dialogante<\/strong>, capace di crescere insieme alle persone che ne fanno parte, in Italia, in Spagna e in Europa.<\/p>\n<\/div>\n\n\n\n<div class=\"wp-block-column is-vertically-aligned-center is-layout-flow wp-block-column-is-layout-flow\">\n<figure class=\"wp-block-image size-full\"><img loading=\"lazy\" decoding=\"async\" width=\"940\" height=\"657\" src=\"https:\/\/listapartecipativa.eu\/wp-content\/uploads\/2025\/04\/listap-17-maggio-1.jpg\" alt=\"\" class=\"wp-image-636\" srcset=\"https:\/\/listapartecipativa.eu\/wp-content\/uploads\/2025\/04\/listap-17-maggio-1.jpg 940w, https:\/\/listapartecipativa.eu\/wp-content\/uploads\/2025\/04\/listap-17-maggio-1-300x210.jpg 300w, https:\/\/listapartecipativa.eu\/wp-content\/uploads\/2025\/04\/listap-17-maggio-1-768x537.jpg 768w, https:\/\/listapartecipativa.eu\/wp-content\/uploads\/2025\/04\/listap-17-maggio-1-18x12.jpg 18w\" sizes=\"auto, (max-width: 940px) 100vw, 940px\" \/><\/figure>\n<\/div>\n<\/div>\n\n\n\n<div class=\"wp-block-buttons is-content-justification-center is-layout-flex wp-container-core-buttons-is-layout-a89b3969 wp-block-buttons-is-layout-flex\">\n<div class=\"wp-block-button\"><a class=\"wp-block-button__link wp-element-button\" href=\"https:\/\/listapartecipativa.eu\/wp-content\/uploads\/2025\/04\/lista-partecipativa-sintesi-programma-es_compressed-1.pdf\"><strong>Scarica la sintesi e scopri il nostro progetto<\/strong><\/a><\/div>\n<\/div>\n\n\n\n<p class=\"has-text-align-center\">\ud83d\udc49 <a href=\"https:\/\/listapartecipativa.eu\/es\/download\/\">Vai all\u2019area download per tutti i materiali utili per conoscere meglio il nostro progetto<\/a><\/p>\n\n\n\n<p class=\"has-text-align-center\">E ricorda: <strong>il 17 maggio partecipa anche tu all\u2019Assemblea delle persone socie 2025<\/strong> di Banca Etica.<br>Ci vediamo a <strong>Bolonia, Madrid y en l\u00ednea.<\/strong> per decidere insieme il futuro della nostra banca.<\/p>\n\n\n\n<hr class=\"wp-block-separator has-alpha-channel-opacity is-style-wide\" style=\"margin-top:var(--wp--preset--spacing--80);margin-bottom:var(--wp--preset--spacing--80)\"\/>\n\n\n\n<h2 class=\"wp-block-heading\">El 17 de mayo decidimos juntos el futuro de Banca Etica<\/h2>\n\n\n\n<div class=\"wp-block-columns is-layout-flex wp-container-core-columns-is-layout-28f84493 wp-block-columns-is-layout-flex\">\n<div class=\"wp-block-column is-layout-flow wp-block-column-is-layout-flow\">\n<figure class=\"wp-block-image size-full\"><img loading=\"lazy\" decoding=\"async\" width=\"938\" height=\"596\" src=\"https:\/\/listapartecipativa.eu\/wp-content\/uploads\/2025\/04\/listap-17-maggio.jpg\" alt=\"\" class=\"wp-image-635\" srcset=\"https:\/\/listapartecipativa.eu\/wp-content\/uploads\/2025\/04\/listap-17-maggio.jpg 938w, https:\/\/listapartecipativa.eu\/wp-content\/uploads\/2025\/04\/listap-17-maggio-300x191.jpg 300w, https:\/\/listapartecipativa.eu\/wp-content\/uploads\/2025\/04\/listap-17-maggio-768x488.jpg 768w, https:\/\/listapartecipativa.eu\/wp-content\/uploads\/2025\/04\/listap-17-maggio-18x12.jpg 18w\" sizes=\"auto, (max-width: 938px) 100vw, 938px\" \/><\/figure>\n<\/div>\n\n\n\n<div class=\"wp-block-column is-vertically-aligned-center is-layout-flow wp-block-column-is-layout-flow\">\n<p>El pr\u00f3ximo <strong>17 de mayo<\/strong> se celebra la <strong>Asamblea de personas socias 2025<\/strong> de Banca Etica.<\/p>\n\n\n\n<p>Un momento clave para participar activamente en la vida del banco, expresar tu voz y reforzar nuestro compromiso colectivo con las finanzas \u00e9ticas.<\/p>\n\n\n\n<h5 id=\"wp-block-themeisle-blocks-advanced-heading-7fbee1d6\" class=\"wp-block-themeisle-blocks-advanced-heading wp-block-themeisle-blocks-advanced-heading-7fbee1d6\">\ud83d\udccd Nos vemos en <strong>Bolonia, Madrid y online<\/strong>.<br>T\u00fa decides c\u00f3mo, pero lo importante es estar.<\/h5>\n<\/div>\n<\/div>\n\n\n\n<div class=\"wp-block-columns are-vertically-aligned-center is-layout-flex wp-container-core-columns-is-layout-28f84493 wp-block-columns-is-layout-flex\">\n<div class=\"wp-block-column is-vertically-aligned-center is-layout-flow wp-block-column-is-layout-flow\">\n<p>Para prepararte, ya puedes descargar el <strong>Resumen del Programa de la Lista Participativa<\/strong>, donde encontrar\u00e1s los principios, objetivos y propuestas que nos gu\u00edan para este nuevo mandato.<\/p>\n\n\n\n<p>El documento nace de un amplio proceso participativo, con m\u00e1s de <strong>1.000 personas implicadas<\/strong>, <strong>72 encuentros territoriales<\/strong> y <strong>4.000 respuestas<\/strong> al cuestionario dirigido a las personas socias.<br>Recoge los <strong>objetivos concretos para el mandato 2025\u20132028<\/strong>, entre ellos:<\/p>\n\n\n\n<ul class=\"wp-block-list\">\n<li>crecimiento del cr\u00e9dito del 35\u202f%, con atenci\u00f3n al impacto social y medioambiental,<\/li>\n\n\n\n<li>refuerzo de la independencia con la adquisici\u00f3n de IMPact SGR,<\/li>\n\n\n\n<li>inclusi\u00f3n, innovaci\u00f3n, sostenibilidad, paz y cohesi\u00f3n.<\/li>\n<\/ul>\n\n\n\n<p>Pero sobre todo, transmite la <strong>visi\u00f3n<\/strong> que nos gu\u00eda: <strong>un banco arraigado, s\u00f3lido y dialogante<\/strong>, capaz de crecer junto a las personas que lo integran, en Italia, en Espa\u00f1a y en Europa.<\/p>\n<\/div>\n\n\n\n<div class=\"wp-block-column is-vertically-aligned-center is-layout-flow wp-block-column-is-layout-flow\">\n<figure class=\"wp-block-image size-full\"><img loading=\"lazy\" decoding=\"async\" width=\"940\" height=\"657\" src=\"https:\/\/listapartecipativa.eu\/wp-content\/uploads\/2025\/04\/listap-17-maggio-1.jpg\" alt=\"\" class=\"wp-image-636\" srcset=\"https:\/\/listapartecipativa.eu\/wp-content\/uploads\/2025\/04\/listap-17-maggio-1.jpg 940w, https:\/\/listapartecipativa.eu\/wp-content\/uploads\/2025\/04\/listap-17-maggio-1-300x210.jpg 300w, https:\/\/listapartecipativa.eu\/wp-content\/uploads\/2025\/04\/listap-17-maggio-1-768x537.jpg 768w, https:\/\/listapartecipativa.eu\/wp-content\/uploads\/2025\/04\/listap-17-maggio-1-18x12.jpg 18w\" sizes=\"auto, (max-width: 940px) 100vw, 940px\" \/><\/figure>\n<\/div>\n<\/div>\n\n\n\n<div class=\"wp-block-buttons is-content-justification-center is-layout-flex wp-container-core-buttons-is-layout-a89b3969 wp-block-buttons-is-layout-flex\">\n<div class=\"wp-block-button\"><a class=\"wp-block-button__link wp-element-button\" href=\"https:\/\/listapartecipativa.eu\/wp-content\/uploads\/2025\/04\/lista-partecipativa-sintesi-programma-es_compressed-1.pdf\"><strong>Descarga el resumen y conoce nuestro proyecto<\/strong><\/a><\/div>\n<\/div>\n\n\n\n<p class=\"has-text-align-center\">\ud83d\udc49 <a href=\"https:\/\/listapartecipativa.eu\/es\/download\/\">Ir al \u00e1rea de descargas &nbsp;todos los materiales \u00fatiles para conocer mejor nuestro proyecto<\/a><\/p>\n\n\n\n<p class=\"has-text-align-center\">Y recuerda: <strong>el 17 de mayo participa tambi\u00e9n t\u00fa en la Asamblea de personas socias 2025<\/strong> de Banca Etica.<br>Nos vemos en <strong>Bolonia, Madrid y online<\/strong> para decidir juntos el futuro de nuestro banco.<\/p>","protected":false},"excerpt":{"rendered":"<p>Versi\u00f3n en espa\u00f1ol abajo&nbsp; Il prossimo 17 maggio si terr\u00e0 l\u2019Assemblea delle persone socie 2025 di Banca Etica. Un appuntamento fondamentale per partecipare attivamente alla vita del nostro istituto, far sentire la propria voce e rafforzare l\u2019impegno collettivo per la finanza etica. Per arrivare pronti, \u00e8 disponibile la Sintesi del Programma della Lista Partecipativa, con [&hellip;]<\/p>","protected":false},"author":1,"featured_media":632,"comment_status":"open","ping_status":"open","sticky":false,"template":"","format":"standard","meta":{"_themeisle_gutenberg_block_has_review":false,"footnotes":""},"categories":[13],"tags":[19,16,21,20,28,15],"class_list":["post-630","post","type-post","status-publish","format-standard","has-post-thumbnail","hentry","category-programma","tag-banca-etica","tag-bancaetica25","tag-finanza-etica","tag-lista-partecipativa","tag-listap","tag-listapartecipativa"],"blocksy_meta":[],"_links":{"self":[{"href":"https:\/\/listapartecipativa.eu\/es\/wp-json\/wp\/v2\/posts\/630","targetHints":{"allow":["GET"]}}],"collection":[{"href":"https:\/\/listapartecipativa.eu\/es\/wp-json\/wp\/v2\/posts"}],"about":[{"href":"https:\/\/listapartecipativa.eu\/es\/wp-json\/wp\/v2\/types\/post"}],"author":[{"embeddable":true,"href":"https:\/\/listapartecipativa.eu\/es\/wp-json\/wp\/v2\/users\/1"}],"replies":[{"embeddable":true,"href":"https:\/\/listapartecipativa.eu\/es\/wp-json\/wp\/v2\/comments?post=630"}],"version-history":[{"count":5,"href":"https:\/\/listapartecipativa.eu\/es\/wp-json\/wp\/v2\/posts\/630\/revisions"}],"predecessor-version":[{"id":638,"href":"https:\/\/listapartecipativa.eu\/es\/wp-json\/wp\/v2\/posts\/630\/revisions\/638"}],"wp:featuredmedia":[{"embeddable":true,"href":"https:\/\/listapartecipativa.eu\/es\/wp-json\/wp\/v2\/media\/632"}],"wp:attachment":[{"href":"https:\/\/listapartecipativa.eu\/es\/wp-json\/wp\/v2\/media?parent=630"}],"wp:term":[{"taxonomy":"category","embeddable":true,"href":"https:\/\/listapartecipativa.eu\/es\/wp-json\/wp\/v2\/categories?post=630"},{"taxonomy":"post_tag","embeddable":true,"href":"https:\/\/listapartecipativa.eu\/es\/wp-json\/wp\/v2\/tags?post=630"}],"curies":[{"name":"wp","href":"https:\/\/api.w.org\/{rel}","templated":true}]}}